{"id":3513,"date":"2018-07-22T11:48:04","date_gmt":"2018-07-22T10:48:04","guid":{"rendered":"http:\/\/www.burin-herbst.de\/?p=3513"},"modified":"2019-11-08T17:32:32","modified_gmt":"2019-11-08T16:32:32","slug":"mein-jahr-mit-fujifilm","status":"publish","type":"post","link":"http:\/\/www.burin-herbst.de\/?p=3513","title":{"rendered":"Mein 1. Jahr mit der Fuji X-T2"},"content":{"rendered":"<p>Heute ist ein besonderer Tag f\u00fcr mich, denn vor genau einem Jahr bin ich komplett von Canon zu <a href=\"https:\/\/www.fujifilm.eu\/de\/\" target=\"_blank\" rel=\"noopener noreferrer\">Fujifilm<\/a> gewechselt. Ich verzichte jetzt bewusst auf Bilder der Kamera und Aufz\u00e4hlung technischer Details, die die Kameras so mitbringen. Ich berichte einfach dar\u00fcber, wie ich das System gewechselt habe und welche Gedanken ich dabei hatte.<\/p>\n<p>Nachdem ich schon seit Erscheinen der X-T1 immer wieder um das Fuji-System gekreist bin, weil ich mich wirklich sofort in diese Kamera verliebt habe &nbsp;(deswegen ist es auch keine spiegellose KB-Kamera geworden), habe ich erst so sp\u00e4t den Sprung ins \u201ekalte Wasser\u201c gewagt und habe quasi von heute auf morgen mein ganzes Canon System verkauft. Ok, ehrlich gesagt habe ich bis zum Schluss mein Lieblingsobjektiv, das Canon EF 85L behalten, falls mir der erste Test so gar nicht zusagen sollte ?<\/p>\n<p>Eigentlich habe ich es meiner Gesundheit zu verdanken, dass ich meine dicke Berta, die Canon 5D Mark III, dann doch noch verkauft habe, da ich schon monatelang mit einem Tennisarm umhergelaufen bin und in der Halswirbels\u00e4ule einen Bandscheibenvorfall habe, brauchte ich etwas Leichtes, ich wollte einfach wieder mehr fotografieren. Ohne die Beschwerden w\u00e4re ich vermutlich noch immer zu feige gewesen.<\/p>\n<p>Nun gut, es war also Samstag, der 22. Juli 2017 und ich hatte erst den kleinen Schritt vollzogen und eine X-T20 kam quasi zur Probe ins Haus.<br \/>\nIch muss sagen, Fuji hat es schon drauf die Leute um den Finger zu wickeln. Alleine die Verpackung bringt schon ein anderes Gef\u00fchl mit sich als diese ollen Canon Kartons und dann ging alles ganz schnell. Als ich die kleine X-T20 in den Fingern hielt, da war es endg\u00fcltig um mich geschehen. Das Design ist ganz \u201emeins\u201c. Wenn man sich in einen Gegenstand verlieben kann, dann ist es in diesem Moment wohl geschehen ? Ich war sofort Feuer und Flamme und wollte diese h\u00fcbsche Kamera einfach nur ausprobieren.<br \/>\nNach ein paar Probeaufnahmen war ich im Grunde schon \u00fcberzeugt. Das kleine Kit-Objektiv war gar nicht wie die Kit-Objektive, die ich sonst kannte und nie gerne benutzt habe. Ich musste das kleine Set unbedingt im Studio ausprobieren. Schnell alles aufgebaut und Hunde und Katze durften sich vor der Kamera austoben.<\/p>\n<p><a href=\"http:\/\/www.burin-herbst.de\/wordpress\/wp-content\/uploads\/2018\/07\/BBH_1803_IMG_2036.jpg\" rel=\"lightbox[3513]\"><img loading=\"lazy\" decoding=\"async\" class=\"wp-image-3515 alignleft\" src=\"http:\/\/www.burin-herbst.de\/wordpress\/wp-content\/uploads\/2018\/07\/BBH_1803_IMG_2036.jpg\" alt=\"\" width=\"531\" height=\"549\"\/><\/a><\/p>\n<p><a href=\"http:\/\/www.burin-herbst.de\/wordpress\/wp-content\/uploads\/2018\/07\/BBH_0717_BBH_0717_1091.jpg\" rel=\"lightbox[3513]\"><img loading=\"lazy\" decoding=\"async\" class=\"wp-image-3516 alignleft\" src=\"http:\/\/www.burin-herbst.de\/wordpress\/wp-content\/uploads\/2018\/07\/BBH_0717_BBH_0717_1091.jpg\" alt=\"\" width=\"531\" height=\"531\" srcset=\"http:\/\/www.burin-herbst.de\/wordpress\/wp-content\/uploads\/2018\/07\/BBH_0717_BBH_0717_1091.jpg 1000w, http:\/\/www.burin-herbst.de\/wordpress\/wp-content\/uploads\/2018\/07\/BBH_0717_BBH_0717_1091-150x150.jpg 150w, http:\/\/www.burin-herbst.de\/wordpress\/wp-content\/uploads\/2018\/07\/BBH_0717_BBH_0717_1091-300x300.jpg 300w, http:\/\/www.burin-herbst.de\/wordpress\/wp-content\/uploads\/2018\/07\/BBH_0717_BBH_0717_1091-768x768.jpg 768w\" sizes=\"auto, (max-width: 531px) 100vw, 531px\" \/><\/a><\/p>\n<p>OMG! Was f\u00fcr ein Spa\u00df. Klein, leicht, man sieht sofort was man tut, ich war in dem Moment einfach gl\u00fccklich. Denn ich muss gestehen, ich bin schon ein ziemlicher Technik-Nerd ??<\/p>\n<p>Eine meiner ersten Aufnahmen mit der X-T20 und dem XC16-50mm wurden auch im <a href=\"http:\/\/de.fujifilmxmagazine.eu\/24\/\" target=\"_blank\" rel=\"noopener noreferrer\">Fujifilm X Magazin<\/a> abgedruckt. Dar\u00fcber habe ich mich wirklich besonders gefreut. Danke Fujifilm.<\/p>\n<p><a href=\"http:\/\/www.burin-herbst.de\/wordpress\/wp-content\/uploads\/2018\/07\/BBH_0717_1074-2.jpg\" rel=\"lightbox[3513]\"><img loading=\"lazy\" decoding=\"async\" class=\"alignnone size-full wp-image-3514\" src=\"http:\/\/www.burin-herbst.de\/wordpress\/wp-content\/uploads\/2018\/07\/BBH_0717_1074-2.jpg\" alt=\"\" width=\"1200\" height=\"800\" srcset=\"http:\/\/www.burin-herbst.de\/wordpress\/wp-content\/uploads\/2018\/07\/BBH_0717_1074-2.jpg 1200w, http:\/\/www.burin-herbst.de\/wordpress\/wp-content\/uploads\/2018\/07\/BBH_0717_1074-2-300x200.jpg 300w, http:\/\/www.burin-herbst.de\/wordpress\/wp-content\/uploads\/2018\/07\/BBH_0717_1074-2-768x512.jpg 768w, http:\/\/www.burin-herbst.de\/wordpress\/wp-content\/uploads\/2018\/07\/BBH_0717_1074-2-1024x683.jpg 1024w\" sizes=\"auto, (max-width: 1200px) 100vw, 1200px\" \/><\/a><\/p>\n<p>Im Grunde kann ich sagen, es war sofort klar, ich bleibe bei Fuji und kaufe mir mein eigentliches Objekt der Begierde, die X-T2. Die X-T20 war tats\u00e4chlich nur zum Kennenlernen da und ob es mit Fuji und mir wirklich was werden k\u00f6nnte. Mein 85mm wurde bereits einen Tag sp\u00e4ter verkauft und am Montag wurde die X-T20 bei meinem H\u00e4ndler gegen die X-T2 getauscht. Somit war am 24.07.17 der Schritt komplett vollzogen.<\/p>\n<p><a href=\"http:\/\/www.burin-herbst.de\/wordpress\/wp-content\/uploads\/2018\/07\/BBH_0618_3365.jpg\" rel=\"lightbox[3513]\"><img loading=\"lazy\" decoding=\"async\" class=\"wp-image-3520 alignright\" src=\"http:\/\/www.burin-herbst.de\/wordpress\/wp-content\/uploads\/2018\/07\/BBH_0618_3365.jpg\" alt=\"\" width=\"513\" height=\"513\" srcset=\"http:\/\/www.burin-herbst.de\/wordpress\/wp-content\/uploads\/2018\/07\/BBH_0618_3365.jpg 1000w, http:\/\/www.burin-herbst.de\/wordpress\/wp-content\/uploads\/2018\/07\/BBH_0618_3365-150x150.jpg 150w, http:\/\/www.burin-herbst.de\/wordpress\/wp-content\/uploads\/2018\/07\/BBH_0618_3365-300x300.jpg 300w, http:\/\/www.burin-herbst.de\/wordpress\/wp-content\/uploads\/2018\/07\/BBH_0618_3365-768x768.jpg 768w\" sizes=\"auto, (max-width: 513px) 100vw, 513px\" \/><\/a><\/p>\n<p>Nat\u00fcrlich bin ich auch nicht immer wunschlos gl\u00fccklich, ich hatte auch so meine Tage und Phasen an denen ich dachte, brauche ich nicht doch wieder eine Kleinbildkamera? Habe ich mich wirklich richtig entschieden?<br \/>\nAber ganz ehrlich, solche Gedanken kommen einem nur, wenn man schlecht drauf ist, ein kreatives Tief hat, st\u00e4ndig das Gerede einiger \u201eMarkenbotschafter\u201c h\u00f6rt und auch durch die ganzen Fotoforen, in denen immer wieder propagiert wird, nur \u201eVollformat\u201c (wie ich dieses Wort hasse) ist der heilige Gral der Fotografie. Nein, Kleinbild ist nicht der heilige Gral. Reizvoller finde ich pers\u00f6nlich das Mittelformat. Hallo Fuji ?? ?<br \/>\nKleinbild wurde damals als bezahlbare L\u00f6sung eingef\u00fchrt. Firmen wie Canon und Nikon, die darauf ihr System mit zig Objektiven seit Jahrzehnten aufgebaut haben, w\u00fcrden sicherlich nicht einfach alles \u00fcber Bord werfen und auf ein komplett neues Format setzen.<\/p>\n<p>Ich vermisse jedenfalls nichts. Wenn man meine Bilder sieht, wird man sicherlich nicht sagen k\u00f6nnen welche Kamera ich benutzt habe. Ok, bei Instagram habe ich Fuji verlinkt, ohne den Hinweise w\u00fcsste man es bestimmt nicht.<br \/>\nDrau\u00dfen habe ich mit entsprechenden Objektiven ein wirklich ansprechendes Bokeh (auch ich liebe ein sch\u00f6nes Bokeh \u2764) und ich bin drau\u00dfen und im Studio leicht unterwegs. Den Rest \u00fcberlasse ich den Pixel-Peepern, die k\u00f6nnen euch sicher mehr \u00fcber die \u201egravierenden\u201c Unterschiede erz\u00e4hlen ?<\/p>\n<p>Und bevor Fragen auftauchen, das ist keine bezahlte Lobhudelei, ich bekomme kein Geld von Fuji und bin auch kein offizieller X-Photographer. Ich bin einfach gl\u00fccklich mit dem System und danke auch an Elke Vogelsang von <a href=\"https:\/\/elkevogelsang.com\/pets\/?lang=de\" target=\"_blank\" rel=\"noopener noreferrer\">Wieselblitz<\/a>, die mich immer nett beraten hat. Und nat\u00fcrlich danke ich von Herzen meiner Tochter, denn sie hat mich schon lange immer wieder dazu gedr\u00e4ngt, dass ich mir doch endlich die \u201esch\u00f6ne\u201c Kamera kaufen soll ?&nbsp;Damit ich endlich wieder Spa\u00df an der Fotografie habe und auch wieder viel fotografiere. Danke mein Schatz, seitdem fotografiere ich wirklich wieder regelm\u00e4\u00dfig, fast t\u00e4glich. Denn egal ob ich Fotos mache oder nicht, meine Kamera ist jeden Tag mit dabei.<\/p>\n<p>Und bevor ich es vergesse, was ich auch an Fuji so sch\u00e4tze und mag. Man wird geh\u00f6rt! Die W\u00fcnsche werden erf\u00fcllt und wir bekommen immer wieder kostenlose tolle Updates. Bei anderen Herstellern bekommt man z\u00e4hneknirschend ein Fehlerupdate und f\u00fcr den Rest brauche ich eine neue Kamera. Meine Kamera hat schon einige Neuerungen umsonst bekommen. Bessere AF-Performance, empfindlicheren AF, neue Videofunktionen, ach, ich wei\u00df nicht was da alles dabei war. Ich bin jedenfalls echt sprachlos. Danke Fujifilm, dass ihr auf eure Kunden und Fotografen h\u00f6rt. Den Beweis liefert auch die aktuelle Raodmap, ein hei\u00df ersehnter Wunschkandidat vieler Fotografen (ein 33mm f\/1) wird 2020 kommen.<\/p>\n<p>Und wenn euch die Lobges\u00e4nge noch nicht zum Hals raush\u00e4ngen, Fuji kann Farben! Das haben sie in der analogen Fotografie bewiesen und das wird auch bei den Spiegellosen fortgef\u00fchrt.<\/p>\n<p>Ok und jetzt ist wirklich Schluss!<\/p>\n","protected":false},"excerpt":{"rendered":"<p>Heute ist ein besonderer Tag f\u00fcr mich, denn vor genau einem Jahr bin ich komplett von Canon zu Fujifilm gewechselt. Ich verzichte jetzt bewusst auf Bilder der Kamera und Aufz\u00e4hlung technischer Details, die die Kameras so mitbringen. Ich berichte einfach dar\u00fcber, wie ich das System gewechselt habe und welche Gedanken ich dabei hatte. Nachdem ich schon seit Erscheinen der X-T1 immer wieder um das Fuji-System gekreist bin, weil ich mich wirklich sofort in diese Kamera verliebt habe &nbsp;(deswegen ist es auch keine spiegellose KB-Kamera geworden), habe ich erst so sp\u00e4t den Sprung ins \u201ekalte Wasser\u201c gewagt und habe quasi von heute auf morgen mein ganzes Canon System verkauft. Ok, ehrlich gesagt habe ich bis zum Schluss mein Lieblingsobjektiv, das Canon EF 85L behalten, falls mir der erste Test so gar nicht zusagen sollte ? Eigentlich habe ich es meiner Gesundheit zu verdanken, dass ich meine dicke Berta, die Canon 5D Mark III, dann doch noch verkauft habe, da ich schon monatelang mit einem Tennisarm umhergelaufen bin und in der Halswirbels\u00e4ule einen Bandscheibenvorfall habe, brauchte ich etwas Leichtes, ich wollte einfach wieder mehr fotografieren. Ohne die Beschwerden w\u00e4re ich vermutlich noch immer zu feige gewesen. Nun gut, es war also Samstag, [&hellip;]<\/p>\n","protected":false},"author":1,"featured_media":3514,"comment_status":"open","ping_status":"open","sticky":false,"template":"","format":"standard","meta":{"footnotes":""},"categories":[1],"tags":[87,85,89,90,97,70,99,63,62,69,67,68,86,80,95,93,94,71,73,74,79,82,84,100,91,78,27,88,98,81,72,75,96,92,83,66,64,65,77,76],"class_list":["post-3513","post","type-post","status-publish","format-standard","has-post-thumbnail","hentry","category-news","tag-acros","tag-aps-c","tag-astia","tag-classic-chrome","tag-crop-sensor","tag-dalmatiner","tag-erfahrungen","tag-fuji","tag-fujifilm","tag-fujifilm-deutschland","tag-fujifilm-x","tag-fujifilm-x-magazin","tag-fujilove","tag-gear","tag-haustierfotograf","tag-haustierfotografie","tag-haustierfotografin","tag-hund","tag-hunde","tag-hundefotografie","tag-kamera","tag-kamerasystem","tag-kleinbild","tag-mirror","tag-mirrorless","tag-objektive","tag-portrait","tag-provia","tag-review","tag-spiegellose","tag-studiofotografie","tag-tierfotograf","tag-tierfotografie","tag-tierfotografin","tag-umsteiger","tag-x-photographer","tag-x-t2","tag-x-t20","tag-xc","tag-xf"],"_links":{"self":[{"href":"http:\/\/www.burin-herbst.de\/index.php?rest_route=\/wp\/v2\/posts\/3513","targetHints":{"allow":["GET"]}}],"collection":[{"href":"http:\/\/www.burin-herbst.de\/index.php?rest_route=\/wp\/v2\/posts"}],"about":[{"href":"http:\/\/www.burin-herbst.de\/index.php?rest_route=\/wp\/v2\/types\/post"}],"author":[{"embeddable":true,"href":"http:\/\/www.burin-herbst.de\/index.php?rest_route=\/wp\/v2\/users\/1"}],"replies":[{"embeddable":true,"href":"http:\/\/www.burin-herbst.de\/index.php?rest_route=%2Fwp%2Fv2%2Fcomments&post=3513"}],"version-history":[{"count":15,"href":"http:\/\/www.burin-herbst.de\/index.php?rest_route=\/wp\/v2\/posts\/3513\/revisions"}],"predecessor-version":[{"id":3723,"href":"http:\/\/www.burin-herbst.de\/index.php?rest_route=\/wp\/v2\/posts\/3513\/revisions\/3723"}],"wp:featuredmedia":[{"embeddable":true,"href":"http:\/\/www.burin-herbst.de\/index.php?rest_route=\/wp\/v2\/media\/3514"}],"wp:attachment":[{"href":"http:\/\/www.burin-herbst.de\/index.php?rest_route=%2Fwp%2Fv2%2Fmedia&parent=3513"}],"wp:term":[{"taxonomy":"category","embeddable":true,"href":"http:\/\/www.burin-herbst.de\/index.php?rest_route=%2Fwp%2Fv2%2Fcategories&post=3513"},{"taxonomy":"post_tag","embeddable":true,"href":"http:\/\/www.burin-herbst.de\/index.php?rest_route=%2Fwp%2Fv2%2Ftags&post=3513"}],"curies":[{"name":"wp","href":"https:\/\/api.w.org\/{rel}","templated":true}]}}